{"id":1445,"global_id":"casalparis.cat?id=1445","global_id_lineage":["casalparis.cat?id=1445"],"author":"1","status":"publish","date":"2020-09-20 21:38:58","date_utc":"2020-09-20 19:38:58","modified":"2020-10-04 19:14:18","modified_utc":"2020-10-04 17:14:18","url":"http:\/\/casalparis.cat\/?tribe_events=04-10-2020-caminada-de-tardor","rest_url":"http:\/\/casalparis.cat\/index.php?rest_route=\/tribe\/events\/v1\/events\/1445","title":"04\/10\/2020 &#8211; Caminada de tardor","description":"<p><img loading=\"lazy\" decoding=\"async\" class=\"aligncenter wp-image-1447 size-large\" src=\"http:\/\/casalparis.cat\/wp-content\/uploads\/2020\/09\/2-1024x390.jpg\" alt=\"\" width=\"584\" height=\"222\" srcset=\"https:\/\/casalparis.cat\/wp-content\/uploads\/2020\/09\/2-1024x390.jpg 1024w, https:\/\/casalparis.cat\/wp-content\/uploads\/2020\/09\/2-300x114.jpg 300w, https:\/\/casalparis.cat\/wp-content\/uploads\/2020\/09\/2-768x292.jpg 768w, https:\/\/casalparis.cat\/wp-content\/uploads\/2020\/09\/2-1536x584.jpg 1536w, https:\/\/casalparis.cat\/wp-content\/uploads\/2020\/09\/2-2048x779.jpg 2048w, https:\/\/casalparis.cat\/wp-content\/uploads\/2020\/09\/2-500x190.jpg 500w\" sizes=\"auto, (max-width: 584px) 100vw, 584px\" \/><\/p>\n<p><span style=\"font-weight: 400;\">Per el diumenge 4 d\u2019octubre hem previst una caminada de uns 10 kil\u00f2metres entre Bois le Roi i Fontainebleau-Avon.<\/span><\/p>\n<p><span style=\"font-weight: 400;\">Ens trobarem a les <strong>9h<\/strong> a la Gare de Lyon al <strong>principi de l\u2019andana del tren R-GOMO<\/strong> (transilien). El tren surt a les 9h15 (<strong>sigueu puntuals<\/strong> perqu\u00e8 el proper surt al cap d\u2019una hora!). Farem parada a Bois le Roi (9h48) per comen\u00e7ar a caminar. Per la tornada, des de Fontainebleau, hi han trens cada 1\/2 hora.\u00a0<\/span><\/p>\n<p><span style=\"font-weight: 400;\">Detalls de la caminada: De l&#8217;estaci\u00f3 de Bois le Roi, agafarem el GR1E fins a Fontainebleau, passant per la Tour Denecourt. De dalt d&#8217;aquesta torre de 130m d&#8217;al\u00e7ada, podrem gaudir d&#8217;una vista panor\u00e0mica del bosc de Fontainebleau. Potser podrem mirar si ha sortit algun bolet amb la pluja d\u2019aquests darrers dies\u2026\u00a0<\/span>Nosaltres no assegurem la collita.<\/p>\n<p><img loading=\"lazy\" decoding=\"async\" class=\" wp-image-1483 alignnone\" src=\"http:\/\/casalparis.cat\/wp-content\/uploads\/2020\/09\/Fontainebleau-1024x785.png\" alt=\"\" width=\"423\" height=\"326\" srcset=\"https:\/\/casalparis.cat\/wp-content\/uploads\/2020\/09\/Fontainebleau-300x230.png 300w, https:\/\/casalparis.cat\/wp-content\/uploads\/2020\/09\/Fontainebleau-391x300.png 391w\" sizes=\"auto, (max-width: 423px) 100vw, 423px\" \/><\/p>\n<p><span style=\"font-weight: 400;\">Per tal d\u2019adaptar-nos al protocol sanitari establert per la Pr\u00e9fecture de Seine et Marne, us demanem que porteu <strong>obligat\u00f2riament una mascareta<\/strong>.<\/span><\/p>\n<p><span style=\"font-weight: 400;\">Si teniu ganes de participar-hi, us demanem si us plau, que envieu un mail per <strong>apuntar-vos<\/strong> abans de dissabte a les 18h a <\/span><a href=\"mailto:casal@casalparis.cat\"><span style=\"font-weight: 400;\">casal@casalparis.cat<\/span><\/a><span style=\"font-weight: 400;\">. <\/span><\/p>\n<p><span style=\"font-weight: 400;\">Aix\u00ed ser\u00e0 m\u00e9s f\u00e0cil organitzar-nos.<\/span><\/p>\n<p>*********************<\/p>\n<p>Moltes gr\u00e0cies a tots els participants! El temps incert no ens ha espantat! Aquest diumenge ens hem llevat d&#8217;hora i amb el picnic a la motxilla hem fet una bona caminada a Fontainebleau. Quina sort!!! Ni una gota de pluja!!!<\/p>\n<p>Aqui teniu un record de la sortida.<\/p>\n<p><img loading=\"lazy\" decoding=\"async\" class=\"alignnone size-large wp-image-1491\" src=\"http:\/\/casalparis.cat\/wp-content\/uploads\/2020\/09\/2020.10.04-Caminada-de-tardor-3-1024x767.jpeg\" alt=\"\" width=\"584\" height=\"437\" srcset=\"https:\/\/casalparis.cat\/wp-content\/uploads\/2020\/09\/2020.10.04-Caminada-de-tardor-3-1024x767.jpeg 1024w, https:\/\/casalparis.cat\/wp-content\/uploads\/2020\/09\/2020.10.04-Caminada-de-tardor-3-300x225.jpeg 300w, https:\/\/casalparis.cat\/wp-content\/uploads\/2020\/09\/2020.10.04-Caminada-de-tardor-3-768x575.jpeg 768w, https:\/\/casalparis.cat\/wp-content\/uploads\/2020\/09\/2020.10.04-Caminada-de-tardor-3-1536x1150.jpeg 1536w, https:\/\/casalparis.cat\/wp-content\/uploads\/2020\/09\/2020.10.04-Caminada-de-tardor-3-401x300.jpeg 401w, https:\/\/casalparis.cat\/wp-content\/uploads\/2020\/09\/2020.10.04-Caminada-de-tardor-3.jpeg 1600w\" sizes=\"auto, (max-width: 584px) 100vw, 584px\" \/> <img loading=\"lazy\" decoding=\"async\" class=\"alignnone size-large wp-image-1492\" src=\"http:\/\/casalparis.cat\/wp-content\/uploads\/2020\/09\/2020.10.04-Caminada-de-tardor-4-1024x767.jpeg\" alt=\"\" width=\"584\" height=\"437\" srcset=\"https:\/\/casalparis.cat\/wp-content\/uploads\/2020\/09\/2020.10.04-Caminada-de-tardor-4-1024x767.jpeg 1024w, https:\/\/casalparis.cat\/wp-content\/uploads\/2020\/09\/2020.10.04-Caminada-de-tardor-4-300x225.jpeg 300w, https:\/\/casalparis.cat\/wp-content\/uploads\/2020\/09\/2020.10.04-Caminada-de-tardor-4-768x575.jpeg 768w, https:\/\/casalparis.cat\/wp-content\/uploads\/2020\/09\/2020.10.04-Caminada-de-tardor-4-1536x1150.jpeg 1536w, https:\/\/casalparis.cat\/wp-content\/uploads\/2020\/09\/2020.10.04-Caminada-de-tardor-4-401x300.jpeg 401w, https:\/\/casalparis.cat\/wp-content\/uploads\/2020\/09\/2020.10.04-Caminada-de-tardor-4.jpeg 1600w\" sizes=\"auto, (max-width: 584px) 100vw, 584px\" \/> <img loading=\"lazy\" decoding=\"async\" class=\"alignnone size-large wp-image-1493\" src=\"http:\/\/casalparis.cat\/wp-content\/uploads\/2020\/09\/2020.10.04-Caminada-de-tardor-5-767x1024.jpeg\" alt=\"\" width=\"584\" height=\"780\" srcset=\"https:\/\/casalparis.cat\/wp-content\/uploads\/2020\/09\/2020.10.04-Caminada-de-tardor-5-767x1024.jpeg 767w, https:\/\/casalparis.cat\/wp-content\/uploads\/2020\/09\/2020.10.04-Caminada-de-tardor-5-225x300.jpeg 225w, https:\/\/casalparis.cat\/wp-content\/uploads\/2020\/09\/2020.10.04-Caminada-de-tardor-5-768x1026.jpeg 768w, https:\/\/casalparis.cat\/wp-content\/uploads\/2020\/09\/2020.10.04-Caminada-de-tardor-5-1150x1536.jpeg 1150w, https:\/\/casalparis.cat\/wp-content\/uploads\/2020\/09\/2020.10.04-Caminada-de-tardor-5.jpeg 1198w\" sizes=\"auto, (max-width: 584px) 100vw, 584px\" \/> <img loading=\"lazy\" decoding=\"async\" class=\"alignnone size-large wp-image-1490\" src=\"http:\/\/casalparis.cat\/wp-content\/uploads\/2020\/09\/2020.10.04-Caminada-de-tardor-2-767x1024.jpeg\" alt=\"\" width=\"584\" height=\"780\" srcset=\"https:\/\/casalparis.cat\/wp-content\/uploads\/2020\/09\/2020.10.04-Caminada-de-tardor-2-767x1024.jpeg 767w, https:\/\/casalparis.cat\/wp-content\/uploads\/2020\/09\/2020.10.04-Caminada-de-tardor-2-225x300.jpeg 225w, https:\/\/casalparis.cat\/wp-content\/uploads\/2020\/09\/2020.10.04-Caminada-de-tardor-2-768x1026.jpeg 768w, https:\/\/casalparis.cat\/wp-content\/uploads\/2020\/09\/2020.10.04-Caminada-de-tardor-2-1150x1536.jpeg 1150w, https:\/\/casalparis.cat\/wp-content\/uploads\/2020\/09\/2020.10.04-Caminada-de-tardor-2.jpeg 1198w\" sizes=\"auto, (max-width: 584px) 100vw, 584px\" \/> <img loading=\"lazy\" decoding=\"async\" class=\"alignnone size-large wp-image-1489\" src=\"http:\/\/casalparis.cat\/wp-content\/uploads\/2020\/09\/2020.10.04-Caminada-de-tardor-1-1024x768.jpeg\" alt=\"\" width=\"584\" height=\"438\" srcset=\"https:\/\/casalparis.cat\/wp-content\/uploads\/2020\/09\/2020.10.04-Caminada-de-tardor-1-1024x768.jpeg 1024w, https:\/\/casalparis.cat\/wp-content\/uploads\/2020\/09\/2020.10.04-Caminada-de-tardor-1-300x225.jpeg 300w, https:\/\/casalparis.cat\/wp-content\/uploads\/2020\/09\/2020.10.04-Caminada-de-tardor-1-768x576.jpeg 768w, https:\/\/casalparis.cat\/wp-content\/uploads\/2020\/09\/2020.10.04-Caminada-de-tardor-1-1536x1152.jpeg 1536w, https:\/\/casalparis.cat\/wp-content\/uploads\/2020\/09\/2020.10.04-Caminada-de-tardor-1-400x300.jpeg 400w, https:\/\/casalparis.cat\/wp-content\/uploads\/2020\/09\/2020.10.04-Caminada-de-tardor-1.jpeg 1600w\" sizes=\"auto, (max-width: 584px) 100vw, 584px\" \/><\/p>","excerpt":"","slug":"04-10-2020-caminada-de-tardor","image":{"url":"https:\/\/casalparis.cat\/wp-content\/uploads\/2020\/09\/2.jpg","id":1447,"extension":"jpg","width":2050,"height":780,"sizes":{"medium":{"width":300,"height":114,"mime-type":"image\/jpeg","url":"https:\/\/casalparis.cat\/wp-content\/uploads\/2020\/09\/2-300x114.jpg"},"large":{"width":1024,"height":390,"mime-type":"image\/jpeg","url":"https:\/\/casalparis.cat\/wp-content\/uploads\/2020\/09\/2-1024x390.jpg"},"thumbnail":{"width":150,"height":150,"mime-type":"image\/jpeg","url":"https:\/\/casalparis.cat\/wp-content\/uploads\/2020\/09\/2-150x150.jpg"},"medium_large":{"width":768,"height":292,"mime-type":"image\/jpeg","url":"https:\/\/casalparis.cat\/wp-content\/uploads\/2020\/09\/2-768x292.jpg"},"1536x1536":{"width":1536,"height":584,"mime-type":"image\/jpeg","url":"https:\/\/casalparis.cat\/wp-content\/uploads\/2020\/09\/2-1536x584.jpg"},"2048x2048":{"width":2048,"height":779,"mime-type":"image\/jpeg","url":"https:\/\/casalparis.cat\/wp-content\/uploads\/2020\/09\/2-2048x779.jpg"},"post-thumbnail":{"width":1000,"height":288,"mime-type":"image\/jpeg","url":"https:\/\/casalparis.cat\/wp-content\/uploads\/2020\/09\/2-1000x288.jpg"},"large-feature":{"width":1000,"height":288,"mime-type":"image\/jpeg","url":"https:\/\/casalparis.cat\/wp-content\/uploads\/2020\/09\/2-1000x288.jpg"},"small-feature":{"width":500,"height":190,"mime-type":"image\/jpeg","url":"https:\/\/casalparis.cat\/wp-content\/uploads\/2020\/09\/2-500x190.jpg"}}},"all_day":true,"start_date":"2020-10-04 00:00:00","start_date_details":{"year":"2020","month":"10","day":"04","hour":"00","minutes":"00","seconds":"00"},"end_date":"2020-10-04 23:59:59","end_date_details":{"year":"2020","month":"10","day":"04","hour":"23","minutes":"59","seconds":"59"},"utc_start_date":"2020-10-03 22:00:00","utc_start_date_details":{"year":"2020","month":"10","day":"03","hour":"22","minutes":"00","seconds":"00"},"utc_end_date":"2020-10-04 21:59:59","utc_end_date_details":{"year":"2020","month":"10","day":"04","hour":"21","minutes":"59","seconds":"59"},"timezone":"Europe\/Paris","timezone_abbr":"CEST","cost":"","cost_details":{"currency_symbol":"","currency_code":"","currency_position":"prefix","values":[]},"website":"","show_map":false,"show_map_link":false,"hide_from_listings":false,"sticky":false,"featured":false,"categories":[{"name":"Agenda","slug":"agenda","term_group":0,"term_taxonomy_id":68,"taxonomy":"tribe_events_cat","description":"","parent":0,"count":211,"filter":"raw","id":68,"urls":{"self":"http:\/\/casalparis.cat\/index.php?rest_route=\/tribe\/events\/v1\/categories\/68","collection":"http:\/\/casalparis.cat\/index.php?rest_route=\/tribe\/events\/v1\/categories"}}],"tags":[{"name":"Agenda","slug":"agenda","term_group":0,"term_taxonomy_id":67,"taxonomy":"post_tag","description":"","parent":0,"count":212,"filter":"raw","id":67,"urls":{"self":"http:\/\/casalparis.cat\/index.php?rest_route=\/tribe\/events\/v1\/tags\/67","collection":"http:\/\/casalparis.cat\/index.php?rest_route=\/tribe\/events\/v1\/tags"}},{"name":"caminada","slug":"caminada","term_group":0,"term_taxonomy_id":18,"taxonomy":"post_tag","description":"","parent":0,"count":6,"filter":"raw","id":18,"urls":{"self":"http:\/\/casalparis.cat\/index.php?rest_route=\/tribe\/events\/v1\/tags\/18","collection":"http:\/\/casalparis.cat\/index.php?rest_route=\/tribe\/events\/v1\/tags"}},{"name":"casalparis","slug":"casalparis","term_group":0,"term_taxonomy_id":23,"taxonomy":"post_tag","description":"","parent":0,"count":166,"filter":"raw","id":23,"urls":{"self":"http:\/\/casalparis.cat\/index.php?rest_route=\/tribe\/events\/v1\/tags\/23","collection":"http:\/\/casalparis.cat\/index.php?rest_route=\/tribe\/events\/v1\/tags"}},{"name":"somcasal","slug":"somcasal","term_group":0,"term_taxonomy_id":22,"taxonomy":"post_tag","description":"","parent":0,"count":167,"filter":"raw","id":22,"urls":{"self":"http:\/\/casalparis.cat\/index.php?rest_route=\/tribe\/events\/v1\/tags\/22","collection":"http:\/\/casalparis.cat\/index.php?rest_route=\/tribe\/events\/v1\/tags"}},{"name":"tardor","slug":"tardor","term_group":0,"term_taxonomy_id":19,"taxonomy":"post_tag","description":"","parent":0,"count":7,"filter":"raw","id":19,"urls":{"self":"http:\/\/casalparis.cat\/index.php?rest_route=\/tribe\/events\/v1\/tags\/19","collection":"http:\/\/casalparis.cat\/index.php?rest_route=\/tribe\/events\/v1\/tags"}}],"venue":[],"organizer":[{"id":190,"author":"1","status":"publish","date":"2018-10-09 00:15:27","date_utc":"2018-10-08 22:15:27","modified":"2018-10-09 00:15:27","modified_utc":"2018-10-08 22:15:27","url":"http:\/\/casalparis.cat\/?tribe_organizer=casal-de-catalunya-de-paris","organizer":"Casal de Catalunya de Paris","slug":"casal-de-catalunya-de-paris","json_ld":{"@type":"Person","name":"Casal de Catalunya de Paris","description":"","url":"","telephone":"","email":"","sameAs":""},"global_id":"casalparis.cat?id=190","global_id_lineage":["casalparis.cat?id=190"]}],"custom_fields":[],"json_ld":{"@context":"http:\/\/schema.org","@type":"Event","name":"04\/10\/2020 &#8211; Caminada de tardor","description":"&lt;p&gt;Per el diumenge 4 d\u2019octubre hem previst una caminada de uns 10 kil\u00f2metres entre Bois le Roi i Fontainebleau-Avon. Ens trobarem a les 9h a la Gare de Lyon al principi de l\u2019andana del tren R-GOMO (transilien). El tren surt &hellip; &lt;a href=&quot;http:\/\/casalparis.cat\/?tribe_events=04-10-2020-caminada-de-tardor&quot;&gt;Continua llegint &lt;span class=&quot;meta-nav&quot;&gt;&rarr;&lt;\/span&gt;&lt;\/a&gt;&lt;\/p&gt;\\n","image":"https:\/\/casalparis.cat\/wp-content\/uploads\/2020\/09\/2.jpg","url":"http:\/\/casalparis.cat\/?tribe_events=04-10-2020-caminada-de-tardor","eventAttendanceMode":"https:\/\/schema.org\/OfflineEventAttendanceMode","eventStatus":"https:\/\/schema.org\/EventScheduled","startDate":"2020-10-04T00:00:00+02:00","endDate":"2020-10-04T23:59:59+02:00","organizer":{"@type":"Person","name":"Casal de Catalunya de Paris","description":"","url":"","telephone":"","email":"","sameAs":""},"performer":"Organization"}}