{"id":1409,"global_id":"casalparis.cat?id=1409","global_id_lineage":["casalparis.cat?id=1409"],"author":"1","status":"publish","date":"2020-09-06 16:07:11","date_utc":"2020-09-06 14:07:11","modified":"2020-09-06 16:13:38","modified_utc":"2020-09-06 14:13:38","url":"http:\/\/casalparis.cat\/?tribe_events=11-de-setembre-a-les-xarxes-socials-de-la-delegacio","rest_url":"http:\/\/casalparis.cat\/index.php?rest_route=\/tribe\/events\/v1\/events\/1409","title":"11 de setembre a les xarxes socials de la Delegaci\u00f3","description":"<p>Aquest any per la Diada de l&#8217;11 de setembre podeu seguir les sorpreses que ens t\u00e9 preparades la Delegaci\u00f3 del Govern de Catalunya a Fran\u00e7a a les seves xarxes socials (twitter i facebook).<\/p>\n<p>A partir de les 9h00 del mat\u00ed, i durant tot el divendres, la Delegaci\u00f3 ha preparat activitats entorn d&#8217;un dels elements essencials de la nostra cultura: <b>la gastronomia<\/b>.<u><\/u><u><\/u><\/p>\n<p class=\"m_-374102843783464121p1\">La cuina no t\u00e9 fronteres. La prova \u00e9s que Catalunya i Fran\u00e7a comparteixen una tradici\u00f3 culin\u00e0ria comuna i ancestral, la cuina mediterr\u00e0nia.\u00a0 <u><\/u><u><\/u><\/p>\n<p class=\"m_-374102843783464121p1\">Gr\u00e0cies a ambaixadors com Carme Ruscalleda o els germans Roca, la gastronomia catalana \u00e9s avui dia una de les m\u00e9s innovadores i reconegudes del m\u00f3n. Per aix\u00f2 han volgut dedicar aquesta Diada al sector de la gastronomia, que durant el confinament, ha mostrat la seva faceta m\u00e9s solidaria i voluntarista.<\/p>\n<p class=\"m_-374102843783464121p1\">Mentre esperem i per fer-nos venir gana, ens animen a\u00a0<b> participar a partir d\u2019ara mateix al QUIZ sobre Catalunya <\/b>que han preparat per a tots nosaltres (disponible en <a href=\"https:\/\/fr175901.typeform.com\/to\/CxeECiPv\" target=\"_blank\" rel=\"noopener noreferrer\" data-saferedirecturl=\"https:\/\/www.google.com\/url?q=https:\/\/fr175901.typeform.com\/to\/CxeECiPv&amp;source=gmail&amp;ust=1599481849424000&amp;usg=AFQjCNFsHc642AV9KlfS1X1EAJj4fuPNTg\">catal\u00e0<\/a> i <a href=\"https:\/\/fr175901.typeform.com\/to\/JxjBSifw\" target=\"_blank\" rel=\"noopener noreferrer\" data-saferedirecturl=\"https:\/\/www.google.com\/url?q=https:\/\/fr175901.typeform.com\/to\/JxjBSifw&amp;source=gmail&amp;ust=1599481849424000&amp;usg=AFQjCNFtwilkOysB_NTfjJAuJtbv3M1rqA\"> franc\u00e8s<\/a>).<\/p>\n<p class=\"m_-374102843783464121p1\"><b>Sereu capa\u00e7os de respondre a totes les preguntes? <\/b><\/p>","excerpt":"","slug":"11-de-setembre-a-les-xarxes-socials-de-la-delegacio","image":false,"all_day":false,"start_date":"2020-09-11 09:00:00","start_date_details":{"year":"2020","month":"09","day":"11","hour":"09","minutes":"00","seconds":"00"},"end_date":"2020-09-11 17:00:00","end_date_details":{"year":"2020","month":"09","day":"11","hour":"17","minutes":"00","seconds":"00"},"utc_start_date":"2020-09-11 07:00:00","utc_start_date_details":{"year":"2020","month":"09","day":"11","hour":"07","minutes":"00","seconds":"00"},"utc_end_date":"2020-09-11 15:00:00","utc_end_date_details":{"year":"2020","month":"09","day":"11","hour":"15","minutes":"00","seconds":"00"},"timezone":"Europe\/Paris","timezone_abbr":"CEST","cost":"","cost_details":{"currency_symbol":"","currency_code":"","currency_position":"prefix","values":[]},"website":"https:\/\/twitter.com\/Catalonia_FR\/status\/1302139464408535041","show_map":false,"show_map_link":false,"hide_from_listings":false,"sticky":false,"featured":false,"categories":[{"name":"Agenda","slug":"agenda","term_group":0,"term_taxonomy_id":68,"taxonomy":"tribe_events_cat","description":"","parent":0,"count":211,"filter":"raw","id":68,"urls":{"self":"http:\/\/casalparis.cat\/index.php?rest_route=\/tribe\/events\/v1\/categories\/68","collection":"http:\/\/casalparis.cat\/index.php?rest_route=\/tribe\/events\/v1\/categories"}}],"tags":[{"name":"11 de setembre","slug":"11-de-setembre","term_group":0,"term_taxonomy_id":246,"taxonomy":"post_tag","description":"","parent":0,"count":1,"filter":"raw","id":246,"urls":{"self":"http:\/\/casalparis.cat\/index.php?rest_route=\/tribe\/events\/v1\/tags\/246","collection":"http:\/\/casalparis.cat\/index.php?rest_route=\/tribe\/events\/v1\/tags"}},{"name":"Agenda","slug":"agenda","term_group":0,"term_taxonomy_id":67,"taxonomy":"post_tag","description":"","parent":0,"count":212,"filter":"raw","id":67,"urls":{"self":"http:\/\/casalparis.cat\/index.php?rest_route=\/tribe\/events\/v1\/tags\/67","collection":"http:\/\/casalparis.cat\/index.php?rest_route=\/tribe\/events\/v1\/tags"}},{"name":"catalunya","slug":"catalunya","term_group":0,"term_taxonomy_id":10,"taxonomy":"post_tag","description":"","parent":0,"count":59,"filter":"raw","id":10,"urls":{"self":"http:\/\/casalparis.cat\/index.php?rest_route=\/tribe\/events\/v1\/tags\/10","collection":"http:\/\/casalparis.cat\/index.php?rest_route=\/tribe\/events\/v1\/tags"}},{"name":"diada","slug":"diada","term_group":0,"term_taxonomy_id":9,"taxonomy":"post_tag","description":"","parent":0,"count":14,"filter":"raw","id":9,"urls":{"self":"http:\/\/casalparis.cat\/index.php?rest_route=\/tribe\/events\/v1\/tags\/9","collection":"http:\/\/casalparis.cat\/index.php?rest_route=\/tribe\/events\/v1\/tags"}},{"name":"gastronomia","slug":"gastronomia","term_group":0,"term_taxonomy_id":247,"taxonomy":"post_tag","description":"","parent":0,"count":3,"filter":"raw","id":247,"urls":{"self":"http:\/\/casalparis.cat\/index.php?rest_route=\/tribe\/events\/v1\/tags\/247","collection":"http:\/\/casalparis.cat\/index.php?rest_route=\/tribe\/events\/v1\/tags"}},{"name":"xarxes","slug":"xarxes","term_group":0,"term_taxonomy_id":248,"taxonomy":"post_tag","description":"","parent":0,"count":1,"filter":"raw","id":248,"urls":{"self":"http:\/\/casalparis.cat\/index.php?rest_route=\/tribe\/events\/v1\/tags\/248","collection":"http:\/\/casalparis.cat\/index.php?rest_route=\/tribe\/events\/v1\/tags"}}],"venue":[],"organizer":[{"id":783,"author":"1","status":"publish","date":"2019-08-21 16:16:50","date_utc":"2019-08-21 14:16:50","modified":"2019-08-21 16:16:50","modified_utc":"2019-08-21 14:16:50","url":"http:\/\/casalparis.cat\/?tribe_organizer=delegacio-del-govern-de-la-generalitat-de-catalunya-a-paris","organizer":"Delegacio del Govern de la Generalitat de Catalunya a Paris","slug":"delegacio-del-govern-de-la-generalitat-de-catalunya-a-paris","website":"http:\/\/exteriors.gencat.cat\/ca\/inici","json_ld":{"@type":"Person","name":"Delegacio del Govern de la Generalitat de Catalunya a Paris","description":"","url":"http:\/\/exteriors.gencat.cat\/ca\/inici","telephone":"","email":"","sameAs":"http:\/\/exteriors.gencat.cat\/ca\/inici"},"global_id":"casalparis.cat?id=783","global_id_lineage":["casalparis.cat?id=783"]}],"custom_fields":[],"json_ld":{"@context":"http:\/\/schema.org","@type":"Event","name":"11 de setembre a les xarxes socials de la Delegaci\u00f3","description":"&lt;p&gt;Aquest any per la Diada de l\\'11 de setembre podeu seguir les sorpreses que ens t\u00e9 preparades la Delegaci\u00f3 del Govern de Catalunya a Fran\u00e7a a les seves xarxes socials (twitter i facebook). A partir de les 9h00 del mat\u00ed, &hellip; &lt;a href=&quot;http:\/\/casalparis.cat\/?tribe_events=11-de-setembre-a-les-xarxes-socials-de-la-delegacio&quot;&gt;Continua llegint &lt;span class=&quot;meta-nav&quot;&gt;&rarr;&lt;\/span&gt;&lt;\/a&gt;&lt;\/p&gt;\\n","url":"http:\/\/casalparis.cat\/?tribe_events=11-de-setembre-a-les-xarxes-socials-de-la-delegacio","eventAttendanceMode":"https:\/\/schema.org\/OfflineEventAttendanceMode","eventStatus":"https:\/\/schema.org\/EventScheduled","startDate":"2020-09-11T09:00:00+02:00","endDate":"2020-09-11T17:00:00+02:00","organizer":{"@type":"Person","name":"Delegacio del Govern de la Generalitat de Catalunya a Paris","description":"","url":"http:\/\/exteriors.gencat.cat\/ca\/inici","telephone":"","email":"","sameAs":"http:\/\/exteriors.gencat.cat\/ca\/inici"},"performer":"Organization"}}