{"id":136,"global_id":"casalparis.cat?id=136","global_id_lineage":["casalparis.cat?id=136"],"author":"1","status":"publish","date":"2018-09-07 13:20:38","date_utc":"2018-09-07 11:20:38","modified":"2019-04-06 11:37:09","modified_utc":"2019-04-06 09:37:09","url":"http:\/\/casalparis.cat\/?tribe_events=29-09-2018-forum-des-langues-davon","rest_url":"http:\/\/casalparis.cat\/index.php?rest_route=\/tribe\/events\/v1\/events\/136","title":"29\/09\/2018 Forum des Langues d&#8217;Avon","description":"<p>Pres\u00e8ncia del Casal de Catalunya de Par\u00eds al <em>Forum des Langues d&#8217;Avon<\/em> a la Maison dans la Vall\u00e9e, 27 rue du Vieux Ru. Enguany el convidat d&#8217;honor \u00e9s Portugal. I encara m\u00e9s, hi haur\u00e0 actuaci\u00f3 dels Castellers de Par\u00eds!! No us ho perdeu!<\/p>","excerpt":"","slug":"29-09-2018-forum-des-langues-davon","image":false,"all_day":true,"start_date":"2018-09-29 00:00:00","start_date_details":{"year":"2018","month":"09","day":"29","hour":"00","minutes":"00","seconds":"00"},"end_date":"2018-09-29 23:59:59","end_date_details":{"year":"2018","month":"09","day":"29","hour":"23","minutes":"59","seconds":"59"},"utc_start_date":"2018-09-28 22:00:00","utc_start_date_details":{"year":"2018","month":"09","day":"28","hour":"22","minutes":"00","seconds":"00"},"utc_end_date":"2018-09-29 21:59:59","utc_end_date_details":{"year":"2018","month":"09","day":"29","hour":"21","minutes":"59","seconds":"59"},"timezone":"Europe\/Paris","timezone_abbr":"CEST","cost":"","cost_details":{"currency_symbol":"","currency_code":"","currency_position":"prefix","values":[]},"website":"","show_map":true,"show_map_link":true,"hide_from_listings":false,"sticky":false,"featured":false,"categories":[{"name":"Agenda","slug":"agenda","term_group":0,"term_taxonomy_id":68,"taxonomy":"tribe_events_cat","description":"","parent":0,"count":211,"filter":"raw","id":68,"urls":{"self":"http:\/\/casalparis.cat\/index.php?rest_route=\/tribe\/events\/v1\/categories\/68","collection":"http:\/\/casalparis.cat\/index.php?rest_route=\/tribe\/events\/v1\/categories"}}],"tags":[{"name":"Agenda","slug":"agenda","term_group":0,"term_taxonomy_id":67,"taxonomy":"post_tag","description":"","parent":0,"count":212,"filter":"raw","id":67,"urls":{"self":"http:\/\/casalparis.cat\/index.php?rest_route=\/tribe\/events\/v1\/tags\/67","collection":"http:\/\/casalparis.cat\/index.php?rest_route=\/tribe\/events\/v1\/tags"}},{"name":"Avon","slug":"avon","term_group":0,"term_taxonomy_id":15,"taxonomy":"post_tag","description":"","parent":0,"count":5,"filter":"raw","id":15,"urls":{"self":"http:\/\/casalparis.cat\/index.php?rest_route=\/tribe\/events\/v1\/tags\/15","collection":"http:\/\/casalparis.cat\/index.php?rest_route=\/tribe\/events\/v1\/tags"}},{"name":"casal","slug":"casal","term_group":0,"term_taxonomy_id":7,"taxonomy":"post_tag","description":"","parent":0,"count":15,"filter":"raw","id":7,"urls":{"self":"http:\/\/casalparis.cat\/index.php?rest_route=\/tribe\/events\/v1\/tags\/7","collection":"http:\/\/casalparis.cat\/index.php?rest_route=\/tribe\/events\/v1\/tags"}},{"name":"forum","slug":"forum","term_group":0,"term_taxonomy_id":13,"taxonomy":"post_tag","description":"","parent":0,"count":2,"filter":"raw","id":13,"urls":{"self":"http:\/\/casalparis.cat\/index.php?rest_route=\/tribe\/events\/v1\/tags\/13","collection":"http:\/\/casalparis.cat\/index.php?rest_route=\/tribe\/events\/v1\/tags"}},{"name":"langues","slug":"langues","term_group":0,"term_taxonomy_id":14,"taxonomy":"post_tag","description":"","parent":0,"count":1,"filter":"raw","id":14,"urls":{"self":"http:\/\/casalparis.cat\/index.php?rest_route=\/tribe\/events\/v1\/tags\/14","collection":"http:\/\/casalparis.cat\/index.php?rest_route=\/tribe\/events\/v1\/tags"}}],"venue":{"id":138,"author":"1","status":"publish","date":"2018-09-07 13:20:38","date_utc":"2018-09-07 11:20:38","modified":"2018-09-07 13:20:38","modified_utc":"2018-09-07 11:20:38","url":"http:\/\/casalparis.cat\/?tribe_venue=maison-dans-la-vallee","venue":"Maison dans la Vall\u00e9e","slug":"maison-dans-la-vallee","address":"27 rue du Vieux Ru","city":"Avon","country":"Fran\u00e7a","zip":"77210","json_ld":{"@type":"Place","name":"Maison dans la Vall\u00e9e","description":"","url":"","address":{"@type":"PostalAddress","streetAddress":"27 rue du Vieux Ru","addressLocality":"Avon","postalCode":"77210","addressCountry":"Fran\u00e7a"},"telephone":"","sameAs":""},"show_map":true,"show_map_link":true,"global_id":"casalparis.cat?id=138","global_id_lineage":["casalparis.cat?id=138"]},"organizer":[],"custom_fields":[],"json_ld":{"@context":"http:\/\/schema.org","@type":"Event","name":"29\/09\/2018 Forum des Langues d&#8217;Avon","description":"&lt;p&gt;Pres\u00e8ncia del Casal de Catalunya de Par\u00eds al Forum des Langues d\\'Avon a la Maison dans la Vall\u00e9e, 27 rue du Vieux Ru. Enguany el convidat d\\'honor \u00e9s Portugal. I encara m\u00e9s, hi haur\u00e0 actuaci\u00f3 dels Castellers de Par\u00eds!! No &hellip; &lt;a href=&quot;http:\/\/casalparis.cat\/?tribe_events=29-09-2018-forum-des-langues-davon&quot;&gt;Continua llegint &lt;span class=&quot;meta-nav&quot;&gt;&rarr;&lt;\/span&gt;&lt;\/a&gt;&lt;\/p&gt;\\n","url":"http:\/\/casalparis.cat\/?tribe_events=29-09-2018-forum-des-langues-davon","eventAttendanceMode":"https:\/\/schema.org\/OfflineEventAttendanceMode","eventStatus":"https:\/\/schema.org\/EventScheduled","startDate":"2018-09-29T00:00:00+02:00","endDate":"2018-09-29T23:59:59+02:00","location":{"@type":"Place","name":"Maison dans la Vall\u00e9e","description":"","url":"","address":{"@type":"PostalAddress","streetAddress":"27 rue du Vieux Ru","addressLocality":"Avon","postalCode":"77210","addressCountry":"Fran\u00e7a"},"telephone":"","sameAs":""},"performer":"Organization"}}