{"events":[{"id":3714,"global_id":"casalparis.cat?id=3714","global_id_lineage":["casalparis.cat?id=3714"],"author":"1","status":"publish","date":"2026-07-13 12:07:50","date_utc":"2026-07-13 10:07:50","modified":"2026-07-13 12:07:50","modified_utc":"2026-07-13 10:07:50","url":"http:\/\/casalparis.cat\/?tribe_events=05-09-2026-club-de-lectura","rest_url":"http:\/\/casalparis.cat\/index.php?rest_route=\/tribe\/events\/v1\/events\/3714","title":"05\/09\/2026 &#8211; Club de lectura","description":"<p><img loading=\"lazy\" decoding=\"async\" class=\"alignnone size-medium wp-image-3715\" src=\"https:\/\/casalparis.cat\/wp-content\/uploads\/2026\/07\/Club-de-lectura-05.09.26-300x300.jpeg\" alt=\"\" width=\"300\" height=\"300\" srcset=\"https:\/\/casalparis.cat\/wp-content\/uploads\/2026\/07\/Club-de-lectura-05.09.26-300x300.jpeg 300w, https:\/\/casalparis.cat\/wp-content\/uploads\/2026\/07\/Club-de-lectura-05.09.26-1024x1024.jpeg 1024w, https:\/\/casalparis.cat\/wp-content\/uploads\/2026\/07\/Club-de-lectura-05.09.26-150x150.jpeg 150w, https:\/\/casalparis.cat\/wp-content\/uploads\/2026\/07\/Club-de-lectura-05.09.26-768x768.jpeg 768w, https:\/\/casalparis.cat\/wp-content\/uploads\/2026\/07\/Club-de-lectura-05.09.26.jpeg 1080w\" sizes=\"auto, (max-width: 300px) 100vw, 300px\" \/><\/p>\n<p>Teniu tot l&#8217;estiu per preparar la propera trobada del Club de lectura. <strong>&#8220;Les veus de Pamano&#8221; <\/strong>ser\u00e0 el llibre protagonista de l&#8217;obertura del club el dissabte<strong> 5 de setembre.<\/strong><\/p>\n<p>Animeu-vos a llegir-lo i en parlem amb el coordinador de la trobada, en Pol Costa.<\/p>\n<p>Lloc: CoWork Beaubourg \u2013 Salle Stravinsky \u2013 5 rue Clo\u00eetre Saint Merri \u2013 75004 Par\u00eds<br \/>\nPreu: 5\u20ac socis \/ 7\u20ac no socis<br \/>\n16h<br \/>\nInscripcions via helloasso en aquest enlla\u00e7: <a href=\"https:\/\/campaign-statistics.com\/link_click\/R6g0NV-KZGQy48-1bBBGt\/578f654aa3889685630969e5f740ff2f\" target=\"_blank\" rel=\"578f654aa3889685630969e5f740ff2f noopener\" data-saferedirecturl=\"https:\/\/www.google.com\/url?q=https:\/\/campaign-statistics.com\/link_click\/R6g0NV-KZGQy48-1bBBGt\/578f654aa3889685630969e5f740ff2f&amp;source=gmail&amp;ust=1784016991209000&amp;usg=AOvVaw3-KxIL3Pb8UE8-CaDHVeUS\"><strong>INSCRIPCIONS<\/strong><\/a><\/p>\n<p><u>M\u2019organitzo!<\/u><\/p>\n<p><strong>\ud83d\udccd R\u00e0pid\u2026 Compro el llibre<\/strong><br \/>\nSi voleu comprar el llibre a una llibreria independent, <a href=\"https:\/\/campaign-statistics.com\/link_click\/R6g0NV-KZGQy48-1bBBGt\/bbc6ce8249d7d5264722f0bb128bde21\" target=\"_blank\" rel=\"bbc6ce8249d7d5264722f0bb128bde21 noopener\" data-saferedirecturl=\"https:\/\/www.google.com\/url?q=https:\/\/campaign-statistics.com\/link_click\/R6g0NV-KZGQy48-1bBBGt\/bbc6ce8249d7d5264722f0bb128bde21&amp;source=gmail&amp;ust=1784016991209000&amp;usg=AOvVaw2L_14nuvEzE8Gc8EbZPTRg\"><strong>ONA LLIBRES<\/strong><\/a><strong> proposa un 5% de descompte als membres del Casal<\/strong> per una compra a la seva p\u00e0gina web. Inscriviu-vos en aquest <a href=\"https:\/\/campaign-statistics.com\/link_click\/R6g0NV-KZGQy48-1bBBGt\/0aa825c61b3b5ac77bea321e81f942dc\" target=\"_blank\" rel=\"0aa825c61b3b5ac77bea321e81f942dc noopener\" data-saferedirecturl=\"https:\/\/www.google.com\/url?q=https:\/\/campaign-statistics.com\/link_click\/R6g0NV-KZGQy48-1bBBGt\/0aa825c61b3b5ac77bea321e81f942dc&amp;source=gmail&amp;ust=1784016991209000&amp;usg=AOvVaw1QErvI6PmBc0FiLhYm6GXt\">enlla\u00e7<\/a> i us enregistraran per comprar amb el descompte.<\/p>\n<p>\ud83d\udccd\u00a0<strong>Demano el pr\u00e9stec a la Biblio Digital<\/strong><br \/>\nEs un servei pels catalans\u00a0inscrits al Registre de Catalans a l\u2019Exterior via aquest <a href=\"https:\/\/campaign-statistics.com\/link_click\/R6g0NV-KZGQy48-1bBBGt\/560645c98ad4db5cd7a1348ccddf8cc7\" target=\"_blank\" rel=\"560645c98ad4db5cd7a1348ccddf8cc7 noopener\" data-saferedirecturl=\"https:\/\/www.google.com\/url?q=https:\/\/campaign-statistics.com\/link_click\/R6g0NV-KZGQy48-1bBBGt\/560645c98ad4db5cd7a1348ccddf8cc7&amp;source=gmail&amp;ust=1784016991209000&amp;usg=AOvVaw3sCEc3989jhxcSsa8ZUtaF\">enlla\u00e7.<\/a><br \/>\n<strong>\ud83d\udccd\u00a0El llegeixo<\/strong><br \/>\nAquest estiu, busco una ombreta, una gandula i &#8230; em deixo portar per l&#8217;aventura.<\/p>\n<p><strong>\ud83d\udccd\u00a0M\u2019apunto a la trobada<\/strong><br \/>\nEn un clic\u00a0<a href=\"https:\/\/campaign-statistics.com\/link_click\/R6g0NV-KZGQy48-1bBBGt\/91afc96b39aef465f8efb4170fbeb37a\" target=\"_blank\" rel=\"91afc96b39aef465f8efb4170fbeb37a noopener\" data-saferedirecturl=\"https:\/\/www.google.com\/url?q=https:\/\/campaign-statistics.com\/link_click\/R6g0NV-KZGQy48-1bBBGt\/91afc96b39aef465f8efb4170fbeb37a&amp;source=gmail&amp;ust=1784016991209000&amp;usg=AOvVaw3Uk3TWmmo_XYN7fl1POhQU\">m\u2019apunto<\/a> al Club pel dissabte 5 de setembre a les 16h00.<\/p>\n<p>La seg\u00fcent trobada ser\u00e0 el dissabte 3 d&#8217;octubre.<\/p>","excerpt":"","slug":"05-09-2026-club-de-lectura","image":{"url":"https:\/\/casalparis.cat\/wp-content\/uploads\/2026\/07\/Club-de-lectura-05.09.26.jpeg","id":3715,"extension":"jpeg","width":1080,"height":1080,"filesize":203597,"sizes":{"medium":{"width":300,"height":300,"mime-type":"image\/jpeg","filesize":21570,"url":"https:\/\/casalparis.cat\/wp-content\/uploads\/2026\/07\/Club-de-lectura-05.09.26-300x300.jpeg"},"large":{"width":1024,"height":1024,"mime-type":"image\/jpeg","filesize":122731,"url":"https:\/\/casalparis.cat\/wp-content\/uploads\/2026\/07\/Club-de-lectura-05.09.26-1024x1024.jpeg"},"thumbnail":{"width":150,"height":150,"mime-type":"image\/jpeg","filesize":7449,"url":"https:\/\/casalparis.cat\/wp-content\/uploads\/2026\/07\/Club-de-lectura-05.09.26-150x150.jpeg"},"medium_large":{"width":768,"height":768,"mime-type":"image\/jpeg","filesize":81495,"url":"https:\/\/casalparis.cat\/wp-content\/uploads\/2026\/07\/Club-de-lectura-05.09.26-768x768.jpeg"},"post-thumbnail":{"width":1000,"height":288,"mime-type":"image\/jpeg","filesize":36089,"url":"https:\/\/casalparis.cat\/wp-content\/uploads\/2026\/07\/Club-de-lectura-05.09.26-1000x288.jpeg"},"large-feature":{"width":1000,"height":288,"mime-type":"image\/jpeg","filesize":36089,"url":"https:\/\/casalparis.cat\/wp-content\/uploads\/2026\/07\/Club-de-lectura-05.09.26-1000x288.jpeg"},"small-feature":{"width":300,"height":300,"mime-type":"image\/jpeg","filesize":21570,"url":"https:\/\/casalparis.cat\/wp-content\/uploads\/2026\/07\/Club-de-lectura-05.09.26-300x300.jpeg"}}},"all_day":false,"start_date":"2026-09-05 16:00:00","start_date_details":{"year":"2026","month":"09","day":"05","hour":"16","minutes":"00","seconds":"00"},"end_date":"2026-09-05 17:30:00","end_date_details":{"year":"2026","month":"09","day":"05","hour":"17","minutes":"30","seconds":"00"},"utc_start_date":"2026-09-05 14:00:00","utc_start_date_details":{"year":"2026","month":"09","day":"05","hour":"14","minutes":"00","seconds":"00"},"utc_end_date":"2026-09-05 15:30:00","utc_end_date_details":{"year":"2026","month":"09","day":"05","hour":"15","minutes":"30","seconds":"00"},"timezone":"Europe\/Paris","timezone_abbr":"CEST","cost":"","cost_details":{"currency_symbol":"$","currency_code":"USD","currency_position":"prefix","values":[]},"website":"","show_map":true,"show_map_link":true,"hide_from_listings":false,"sticky":false,"featured":false,"categories":[{"name":"Agenda","slug":"agenda","term_group":0,"term_taxonomy_id":68,"taxonomy":"tribe_events_cat","description":"","parent":0,"count":218,"filter":"raw","id":68,"urls":{"self":"http:\/\/casalparis.cat\/index.php?rest_route=\/tribe\/events\/v1\/categories\/68","collection":"http:\/\/casalparis.cat\/index.php?rest_route=\/tribe\/events\/v1\/categories"}}],"tags":[{"name":"Agenda","slug":"agenda","term_group":0,"term_taxonomy_id":67,"taxonomy":"post_tag","description":"","parent":0,"count":219,"filter":"raw","id":67,"urls":{"self":"http:\/\/casalparis.cat\/index.php?rest_route=\/tribe\/events\/v1\/tags\/67","collection":"http:\/\/casalparis.cat\/index.php?rest_route=\/tribe\/events\/v1\/tags"}},{"name":"casalparis","slug":"casalparis","term_group":0,"term_taxonomy_id":23,"taxonomy":"post_tag","description":"","parent":0,"count":172,"filter":"raw","id":23,"urls":{"self":"http:\/\/casalparis.cat\/index.php?rest_route=\/tribe\/events\/v1\/tags\/23","collection":"http:\/\/casalparis.cat\/index.php?rest_route=\/tribe\/events\/v1\/tags"}},{"name":"catal\u00e0","slug":"catala","term_group":0,"term_taxonomy_id":97,"taxonomy":"post_tag","description":"","parent":0,"count":118,"filter":"raw","id":97,"urls":{"self":"http:\/\/casalparis.cat\/index.php?rest_route=\/tribe\/events\/v1\/tags\/97","collection":"http:\/\/casalparis.cat\/index.php?rest_route=\/tribe\/events\/v1\/tags"}},{"name":"ClubdeLectura","slug":"clubdelectura","term_group":0,"term_taxonomy_id":580,"taxonomy":"post_tag","description":"","parent":0,"count":10,"filter":"raw","id":580,"urls":{"self":"http:\/\/casalparis.cat\/index.php?rest_route=\/tribe\/events\/v1\/tags\/580","collection":"http:\/\/casalparis.cat\/index.php?rest_route=\/tribe\/events\/v1\/tags"}},{"name":"LiteraturaCatalana","slug":"literaturacatalana","term_group":0,"term_taxonomy_id":591,"taxonomy":"post_tag","description":"","parent":0,"count":5,"filter":"raw","id":591,"urls":{"self":"http:\/\/casalparis.cat\/index.php?rest_route=\/tribe\/events\/v1\/tags\/591","collection":"http:\/\/casalparis.cat\/index.php?rest_route=\/tribe\/events\/v1\/tags"}},{"name":"LlegiriEscriure","slug":"llegiriescriure","term_group":0,"term_taxonomy_id":454,"taxonomy":"post_tag","description":"","parent":0,"count":19,"filter":"raw","id":454,"urls":{"self":"http:\/\/casalparis.cat\/index.php?rest_route=\/tribe\/events\/v1\/tags\/454","collection":"http:\/\/casalparis.cat\/index.php?rest_route=\/tribe\/events\/v1\/tags"}},{"name":"paris","slug":"paris","term_group":0,"term_taxonomy_id":38,"taxonomy":"post_tag","description":"","parent":0,"count":204,"filter":"raw","id":38,"urls":{"self":"http:\/\/casalparis.cat\/index.php?rest_route=\/tribe\/events\/v1\/tags\/38","collection":"http:\/\/casalparis.cat\/index.php?rest_route=\/tribe\/events\/v1\/tags"}},{"name":"somcasal","slug":"somcasal","term_group":0,"term_taxonomy_id":22,"taxonomy":"post_tag","description":"","parent":0,"count":170,"filter":"raw","id":22,"urls":{"self":"http:\/\/casalparis.cat\/index.php?rest_route=\/tribe\/events\/v1\/tags\/22","collection":"http:\/\/casalparis.cat\/index.php?rest_route=\/tribe\/events\/v1\/tags"}}],"venue":{"id":3515,"author":"1","status":"publish","date":"2025-09-15 22:59:12","date_utc":"2025-09-15 20:59:12","modified":"2025-09-15 22:59:12","modified_utc":"2025-09-15 20:59:12","url":"http:\/\/casalparis.cat\/?tribe_venue=mycowork-beaubourg","venue":"MyCowork Beaubourg","slug":"mycowork-beaubourg","address":"5 rue du Cloitre Saint Merri","city":"Paris","country":"France","zip":"75004","show_map":true,"show_map_link":true,"global_id":"casalparis.cat?id=3515","global_id_lineage":["casalparis.cat?id=3515"]},"organizer":[{"id":190,"author":"1","status":"publish","date":"2018-10-09 00:15:27","date_utc":"2018-10-08 22:15:27","modified":"2018-10-09 00:15:27","modified_utc":"2018-10-08 22:15:27","url":"http:\/\/casalparis.cat\/?tribe_organizer=casal-de-catalunya-de-paris","organizer":"Casal de Catalunya de Paris","slug":"casal-de-catalunya-de-paris","global_id":"casalparis.cat?id=190","global_id_lineage":["casalparis.cat?id=190"]}],"custom_fields":[]},{"id":3757,"global_id":"casalparis.cat?id=3757","global_id_lineage":["casalparis.cat?id=3757"],"author":"1","status":"publish","date":"2026-08-26 23:08:17","date_utc":"2026-08-26 21:08:17","modified":"2026-08-26 23:08:17","modified_utc":"2026-08-26 21:08:17","url":"http:\/\/casalparis.cat\/?tribe_events=11-09-2026-xerrada","rest_url":"http:\/\/casalparis.cat\/index.php?rest_route=\/tribe\/events\/v1\/events\/3757","title":"11\/09\/2026 &#8211; Xerrada","description":"<p><img loading=\"lazy\" decoding=\"async\" class=\"alignnone size-medium wp-image-3758\" src=\"https:\/\/casalparis.cat\/wp-content\/uploads\/2026\/08\/11-setembre-2026_19h30-300x300.png\" alt=\"\" width=\"300\" height=\"300\" srcset=\"https:\/\/casalparis.cat\/wp-content\/uploads\/2026\/08\/11-setembre-2026_19h30-300x300.png 300w, https:\/\/casalparis.cat\/wp-content\/uploads\/2026\/08\/11-setembre-2026_19h30-1024x1024.png 1024w, https:\/\/casalparis.cat\/wp-content\/uploads\/2026\/08\/11-setembre-2026_19h30-150x150.png 150w, https:\/\/casalparis.cat\/wp-content\/uploads\/2026\/08\/11-setembre-2026_19h30-768x768.png 768w, https:\/\/casalparis.cat\/wp-content\/uploads\/2026\/08\/11-setembre-2026_19h30.png 1080w\" sizes=\"auto, (max-width: 300px) 100vw, 300px\" \/><\/p>\n<p>Per celebrar la Diada analitzarem l&#8217;evoluci\u00f3 del bipartidisme a Espanya i Fran\u00e7a. L&#8217;Aitor Fern\u00e1ndez Guindo ens parlar\u00e0 del seu Treball de fi de grau en Dret i Ci\u00e8ncies Pol\u00edtiques i de l&#8217;Administraci\u00f3.<\/p>\n<p>Tamb\u00e9 abordarem el cas catal\u00e0: el sistema de partits, l&#8217;independentisme i la situaci\u00f3 del catal\u00e0. Una mirada per entendre d&#8217;on venim, on som i cap a on pot evolucionar la pol\u00edtica del futur.<\/p>\n<p><i>*********<\/i><\/p>\n<p><i>Pour f\u00eater la Diada, nous analyserons l\u2019\u00e9volution du bipartisme en Espagne et en France. Aitor Fern\u00e1ndez Guindo nous parlera de son m\u00e9moire de fin d\u2019\u00e9tudes en Droit et en Sciences politiques et de l\u2019administration.<\/i><\/p>\n<p><i>Nous aborderons \u00e9galement le cas catalan : le syst\u00e8me des partis, l\u2019ind\u00e9pendantisme et la situation de la langue catalane. Un regard pour comprendre d\u2019o\u00f9 nous venons, o\u00f9 nous en sommes et vers quoi la politique de demain pourrait \u00e9voluer.<\/i><\/p>\n<p>CoWork Beaubourg \u2013 5 rue Clo\u00eetre Saint Merri \u2013 75004 Par\u00eds<br \/>\n19h30<br \/>\nGratuit. <a href=\"https:\/\/www.helloasso.com\/associations\/casal-de-catalunya-de-paris\/evenements\/diada-11-setembre-xerrada\" target=\"_blank\" rel=\"noopener noreferrer nofollow\" data-saferedirecturl=\"https:\/\/www.google.com\/url?q=https:\/\/www.helloasso.com\/associations\/casal-de-catalunya-de-paris\/evenements\/diada-11-setembre-xerrada&amp;source=gmail&amp;ust=1787864232583000&amp;usg=AOvVaw2MH9uIoevlm5sDeuSS9xF8\">Preinscripci\u00f3 obligat\u00f2ria (aforament limitat)<\/a> \/ <i>Gratuit. <\/i><a href=\"https:\/\/www.helloasso.com\/associations\/casal-de-catalunya-de-paris\/evenements\/diada-11-setembre-xerrada\" target=\"_blank\" rel=\"noopener noreferrer nofollow\" data-saferedirecturl=\"https:\/\/www.google.com\/url?q=https:\/\/www.helloasso.com\/associations\/casal-de-catalunya-de-paris\/evenements\/diada-11-setembre-xerrada&amp;source=gmail&amp;ust=1787864232583000&amp;usg=AOvVaw2MH9uIoevlm5sDeuSS9xF8\"><i>Pr\u00e9inscription obligatoire (places limit\u00e9es).<\/i><\/a><\/p>\n<p>Idioma: catal\u00e0 \/ <i>Langue: catalan<\/i><\/p>","excerpt":"","slug":"11-09-2026-xerrada","image":{"url":"https:\/\/casalparis.cat\/wp-content\/uploads\/2026\/08\/11-setembre-2026_19h30.png","id":3758,"extension":"png","width":1080,"height":1080,"filesize":157312,"sizes":{"medium":{"width":300,"height":300,"mime-type":"image\/png","filesize":47757,"url":"https:\/\/casalparis.cat\/wp-content\/uploads\/2026\/08\/11-setembre-2026_19h30-300x300.png"},"large":{"width":1024,"height":1024,"mime-type":"image\/png","filesize":214024,"url":"https:\/\/casalparis.cat\/wp-content\/uploads\/2026\/08\/11-setembre-2026_19h30-1024x1024.png"},"thumbnail":{"width":150,"height":150,"mime-type":"image\/png","filesize":18089,"url":"https:\/\/casalparis.cat\/wp-content\/uploads\/2026\/08\/11-setembre-2026_19h30-150x150.png"},"medium_large":{"width":768,"height":768,"mime-type":"image\/png","filesize":152497,"url":"https:\/\/casalparis.cat\/wp-content\/uploads\/2026\/08\/11-setembre-2026_19h30-768x768.png"},"post-thumbnail":{"width":1000,"height":288,"mime-type":"image\/png","filesize":101607,"url":"https:\/\/casalparis.cat\/wp-content\/uploads\/2026\/08\/11-setembre-2026_19h30-1000x288.png"},"large-feature":{"width":1000,"height":288,"mime-type":"image\/png","filesize":101607,"url":"https:\/\/casalparis.cat\/wp-content\/uploads\/2026\/08\/11-setembre-2026_19h30-1000x288.png"},"small-feature":{"width":300,"height":300,"mime-type":"image\/png","filesize":47757,"url":"https:\/\/casalparis.cat\/wp-content\/uploads\/2026\/08\/11-setembre-2026_19h30-300x300.png"}}},"all_day":false,"start_date":"2026-09-11 19:30:00","start_date_details":{"year":"2026","month":"09","day":"11","hour":"19","minutes":"30","seconds":"00"},"end_date":"2026-09-11 21:00:00","end_date_details":{"year":"2026","month":"09","day":"11","hour":"21","minutes":"00","seconds":"00"},"utc_start_date":"2026-09-11 17:30:00","utc_start_date_details":{"year":"2026","month":"09","day":"11","hour":"17","minutes":"30","seconds":"00"},"utc_end_date":"2026-09-11 19:00:00","utc_end_date_details":{"year":"2026","month":"09","day":"11","hour":"19","minutes":"00","seconds":"00"},"timezone":"Europe\/Paris","timezone_abbr":"CEST","cost":"","cost_details":{"currency_symbol":"$","currency_code":"USD","currency_position":"prefix","values":[]},"website":"","show_map":true,"show_map_link":false,"hide_from_listings":false,"sticky":false,"featured":false,"categories":[{"name":"Agenda","slug":"agenda","term_group":0,"term_taxonomy_id":68,"taxonomy":"tribe_events_cat","description":"","parent":0,"count":218,"filter":"raw","id":68,"urls":{"self":"http:\/\/casalparis.cat\/index.php?rest_route=\/tribe\/events\/v1\/categories\/68","collection":"http:\/\/casalparis.cat\/index.php?rest_route=\/tribe\/events\/v1\/categories"}}],"tags":[{"name":"11deSetembre","slug":"11desetembre","term_group":0,"term_taxonomy_id":420,"taxonomy":"post_tag","description":"","parent":0,"count":3,"filter":"raw","id":420,"urls":{"self":"http:\/\/casalparis.cat\/index.php?rest_route=\/tribe\/events\/v1\/tags\/420","collection":"http:\/\/casalparis.cat\/index.php?rest_route=\/tribe\/events\/v1\/tags"}},{"name":"Agenda","slug":"agenda","term_group":0,"term_taxonomy_id":67,"taxonomy":"post_tag","description":"","parent":0,"count":219,"filter":"raw","id":67,"urls":{"self":"http:\/\/casalparis.cat\/index.php?rest_route=\/tribe\/events\/v1\/tags\/67","collection":"http:\/\/casalparis.cat\/index.php?rest_route=\/tribe\/events\/v1\/tags"}},{"name":"casalparis","slug":"casalparis","term_group":0,"term_taxonomy_id":23,"taxonomy":"post_tag","description":"","parent":0,"count":172,"filter":"raw","id":23,"urls":{"self":"http:\/\/casalparis.cat\/index.php?rest_route=\/tribe\/events\/v1\/tags\/23","collection":"http:\/\/casalparis.cat\/index.php?rest_route=\/tribe\/events\/v1\/tags"}},{"name":"diada","slug":"diada","term_group":0,"term_taxonomy_id":9,"taxonomy":"post_tag","description":"","parent":0,"count":15,"filter":"raw","id":9,"urls":{"self":"http:\/\/casalparis.cat\/index.php?rest_route=\/tribe\/events\/v1\/tags\/9","collection":"http:\/\/casalparis.cat\/index.php?rest_route=\/tribe\/events\/v1\/tags"}},{"name":"paris","slug":"paris","term_group":0,"term_taxonomy_id":38,"taxonomy":"post_tag","description":"","parent":0,"count":204,"filter":"raw","id":38,"urls":{"self":"http:\/\/casalparis.cat\/index.php?rest_route=\/tribe\/events\/v1\/tags\/38","collection":"http:\/\/casalparis.cat\/index.php?rest_route=\/tribe\/events\/v1\/tags"}},{"name":"SomCasals","slug":"somcasals","term_group":0,"term_taxonomy_id":288,"taxonomy":"post_tag","description":"","parent":0,"count":49,"filter":"raw","id":288,"urls":{"self":"http:\/\/casalparis.cat\/index.php?rest_route=\/tribe\/events\/v1\/tags\/288","collection":"http:\/\/casalparis.cat\/index.php?rest_route=\/tribe\/events\/v1\/tags"}},{"name":"xerrada","slug":"xerrada","term_group":0,"term_taxonomy_id":113,"taxonomy":"post_tag","description":"","parent":0,"count":6,"filter":"raw","id":113,"urls":{"self":"http:\/\/casalparis.cat\/index.php?rest_route=\/tribe\/events\/v1\/tags\/113","collection":"http:\/\/casalparis.cat\/index.php?rest_route=\/tribe\/events\/v1\/tags"}}],"venue":{"id":3515,"author":"1","status":"publish","date":"2025-09-15 22:59:12","date_utc":"2025-09-15 20:59:12","modified":"2025-09-15 22:59:12","modified_utc":"2025-09-15 20:59:12","url":"http:\/\/casalparis.cat\/?tribe_venue=mycowork-beaubourg","venue":"MyCowork Beaubourg","slug":"mycowork-beaubourg","address":"5 rue du Cloitre Saint Merri","city":"Paris","country":"France","zip":"75004","show_map":true,"show_map_link":true,"global_id":"casalparis.cat?id=3515","global_id_lineage":["casalparis.cat?id=3515"]},"organizer":[{"id":190,"author":"1","status":"publish","date":"2018-10-09 00:15:27","date_utc":"2018-10-08 22:15:27","modified":"2018-10-09 00:15:27","modified_utc":"2018-10-08 22:15:27","url":"http:\/\/casalparis.cat\/?tribe_organizer=casal-de-catalunya-de-paris","organizer":"Casal de Catalunya de Paris","slug":"casal-de-catalunya-de-paris","global_id":"casalparis.cat?id=190","global_id_lineage":["casalparis.cat?id=190"]}],"custom_fields":[]},{"id":3760,"global_id":"casalparis.cat?id=3760","global_id_lineage":["casalparis.cat?id=3760"],"author":"1","status":"publish","date":"2026-08-26 23:09:14","date_utc":"2026-08-26 21:09:14","modified":"2026-08-26 23:16:20","modified_utc":"2026-08-26 21:16:20","url":"http:\/\/casalparis.cat\/?tribe_events=22-09-2026-cursos-de-catala-portes-obertes","rest_url":"http:\/\/casalparis.cat\/index.php?rest_route=\/tribe\/events\/v1\/events\/3760","title":"22\/09\/2026 &#8211; Cursos de catal\u00e0 portes obertes","description":"<p><img loading=\"lazy\" decoding=\"async\" class=\"alignnone size-medium wp-image-3761\" src=\"https:\/\/casalparis.cat\/wp-content\/uploads\/2026\/08\/Catala-Portes-Obertes-FR-300x300.png\" alt=\"\" width=\"300\" height=\"300\" srcset=\"https:\/\/casalparis.cat\/wp-content\/uploads\/2026\/08\/Catala-Portes-Obertes-FR-300x300.png 300w, https:\/\/casalparis.cat\/wp-content\/uploads\/2026\/08\/Catala-Portes-Obertes-FR-1024x1024.png 1024w, https:\/\/casalparis.cat\/wp-content\/uploads\/2026\/08\/Catala-Portes-Obertes-FR-150x150.png 150w, https:\/\/casalparis.cat\/wp-content\/uploads\/2026\/08\/Catala-Portes-Obertes-FR-768x768.png 768w, https:\/\/casalparis.cat\/wp-content\/uploads\/2026\/08\/Catala-Portes-Obertes-FR.png 1080w\" sizes=\"auto, (max-width: 300px) 100vw, 300px\" \/><\/p>\n<p><em><strong>Les inscriptions aux cours de catalan sont ouvertes.<\/strong> On vous propose un cours en pr\u00e9sentiel les lundis ou mardis soir selon niveau (hors vacances scolaires) de 19h00 \u00e0 20h30 dans les locaux du Mundolignua 10 rue Servandoni 75006 Paris. Metro: Odeon ou Luxembourg.<\/em><\/p>\n<p><em>Le premier cours aura lieu le lundi 5 octobre mais on vous invite \u00e0 venir <strong>mardi 22 septembre<\/strong> \u00e0 Mundolingua pour faire connaissance et tester votre niveau. Que vous soyez inscrits ou pas encore, venez nous voir et rencontrer les enseignants. Cela nous permettra de cr\u00e9er les groupes des cours plus facilement.<\/em><\/p>\n<p>************<\/p>\n<p>Les <strong>inscripcions pels cursos de catal\u00e0 ja estan obertes.<\/strong><br \/>\nUs proposem un curs presencial els dilluns o dimarts al vespre segons el nivell (tret de les vacances escolars) de 19h00 a 20h30 al local de Mundolingua, 10 rue Servandoni \u2013 75006 Par\u00eds. Metro: Odeon o Luxembourg.<\/p>\n<p>El primer curs tindr\u00e0 lloc el dilluns 5 d\u2019octubre per\u00f2 us convidem a venir el<strong> dimarts 22 de setembre <\/strong>al Mundolingua per coneixer-nos i fer una proba de nivell. Tant si ja esteu inscrits com si encara us ho esteu pensant, veniu i coneixereu els professors.<\/p>\n<p>Aix\u00ed ens ser\u00e0 m\u00e9s f\u00e0cil crear els grups del curs.<\/p>","excerpt":"","slug":"22-09-2026-cursos-de-catala-portes-obertes","image":{"url":"https:\/\/casalparis.cat\/wp-content\/uploads\/2026\/08\/Catala-Portes-Obertes-FR.png","id":3761,"extension":"png","width":1080,"height":1080,"filesize":519587,"sizes":{"medium":{"width":300,"height":300,"mime-type":"image\/png","filesize":78337,"url":"https:\/\/casalparis.cat\/wp-content\/uploads\/2026\/08\/Catala-Portes-Obertes-FR-300x300.png"},"large":{"width":1024,"height":1024,"mime-type":"image\/png","filesize":500484,"url":"https:\/\/casalparis.cat\/wp-content\/uploads\/2026\/08\/Catala-Portes-Obertes-FR-1024x1024.png"},"thumbnail":{"width":150,"height":150,"mime-type":"image\/png","filesize":26199,"url":"https:\/\/casalparis.cat\/wp-content\/uploads\/2026\/08\/Catala-Portes-Obertes-FR-150x150.png"},"medium_large":{"width":768,"height":768,"mime-type":"image\/png","filesize":325812,"url":"https:\/\/casalparis.cat\/wp-content\/uploads\/2026\/08\/Catala-Portes-Obertes-FR-768x768.png"},"post-thumbnail":{"width":1000,"height":288,"mime-type":"image\/png","filesize":233652,"url":"https:\/\/casalparis.cat\/wp-content\/uploads\/2026\/08\/Catala-Portes-Obertes-FR-1000x288.png"},"large-feature":{"width":1000,"height":288,"mime-type":"image\/png","filesize":233652,"url":"https:\/\/casalparis.cat\/wp-content\/uploads\/2026\/08\/Catala-Portes-Obertes-FR-1000x288.png"},"small-feature":{"width":300,"height":300,"mime-type":"image\/png","filesize":78337,"url":"https:\/\/casalparis.cat\/wp-content\/uploads\/2026\/08\/Catala-Portes-Obertes-FR-300x300.png"}}},"all_day":false,"start_date":"2026-09-22 19:00:00","start_date_details":{"year":"2026","month":"09","day":"22","hour":"19","minutes":"00","seconds":"00"},"end_date":"2026-09-22 20:30:00","end_date_details":{"year":"2026","month":"09","day":"22","hour":"20","minutes":"30","seconds":"00"},"utc_start_date":"2026-09-22 17:00:00","utc_start_date_details":{"year":"2026","month":"09","day":"22","hour":"17","minutes":"00","seconds":"00"},"utc_end_date":"2026-09-22 18:30:00","utc_end_date_details":{"year":"2026","month":"09","day":"22","hour":"18","minutes":"30","seconds":"00"},"timezone":"Europe\/Paris","timezone_abbr":"CEST","cost":"","cost_details":{"currency_symbol":"$","currency_code":"USD","currency_position":"prefix","values":[]},"website":"","show_map":true,"show_map_link":false,"hide_from_listings":false,"sticky":false,"featured":false,"categories":[{"name":"Agenda","slug":"agenda","term_group":0,"term_taxonomy_id":68,"taxonomy":"tribe_events_cat","description":"","parent":0,"count":218,"filter":"raw","id":68,"urls":{"self":"http:\/\/casalparis.cat\/index.php?rest_route=\/tribe\/events\/v1\/categories\/68","collection":"http:\/\/casalparis.cat\/index.php?rest_route=\/tribe\/events\/v1\/categories"}}],"tags":[{"name":"Agenda","slug":"agenda","term_group":0,"term_taxonomy_id":67,"taxonomy":"post_tag","description":"","parent":0,"count":219,"filter":"raw","id":67,"urls":{"self":"http:\/\/casalparis.cat\/index.php?rest_route=\/tribe\/events\/v1\/tags\/67","collection":"http:\/\/casalparis.cat\/index.php?rest_route=\/tribe\/events\/v1\/tags"}},{"name":"AprendreCatal\u00e0","slug":"aprendrecatala","term_group":0,"term_taxonomy_id":600,"taxonomy":"post_tag","description":"","parent":0,"count":2,"filter":"raw","id":600,"urls":{"self":"http:\/\/casalparis.cat\/index.php?rest_route=\/tribe\/events\/v1\/tags\/600","collection":"http:\/\/casalparis.cat\/index.php?rest_route=\/tribe\/events\/v1\/tags"}},{"name":"casalparis","slug":"casalparis","term_group":0,"term_taxonomy_id":23,"taxonomy":"post_tag","description":"","parent":0,"count":172,"filter":"raw","id":23,"urls":{"self":"http:\/\/casalparis.cat\/index.php?rest_route=\/tribe\/events\/v1\/tags\/23","collection":"http:\/\/casalparis.cat\/index.php?rest_route=\/tribe\/events\/v1\/tags"}},{"name":"catal\u00e0","slug":"catala","term_group":0,"term_taxonomy_id":97,"taxonomy":"post_tag","description":"","parent":0,"count":118,"filter":"raw","id":97,"urls":{"self":"http:\/\/casalparis.cat\/index.php?rest_route=\/tribe\/events\/v1\/tags\/97","collection":"http:\/\/casalparis.cat\/index.php?rest_route=\/tribe\/events\/v1\/tags"}},{"name":"CursosCatal\u00e0","slug":"cursoscatala","term_group":0,"term_taxonomy_id":461,"taxonomy":"post_tag","description":"","parent":0,"count":3,"filter":"raw","id":461,"urls":{"self":"http:\/\/casalparis.cat\/index.php?rest_route=\/tribe\/events\/v1\/tags\/461","collection":"http:\/\/casalparis.cat\/index.php?rest_route=\/tribe\/events\/v1\/tags"}},{"name":"LlegiriEscriure","slug":"llegiriescriure","term_group":0,"term_taxonomy_id":454,"taxonomy":"post_tag","description":"","parent":0,"count":19,"filter":"raw","id":454,"urls":{"self":"http:\/\/casalparis.cat\/index.php?rest_route=\/tribe\/events\/v1\/tags\/454","collection":"http:\/\/casalparis.cat\/index.php?rest_route=\/tribe\/events\/v1\/tags"}},{"name":"PortesObertes","slug":"portesobertes","term_group":0,"term_taxonomy_id":587,"taxonomy":"post_tag","description":"","parent":0,"count":2,"filter":"raw","id":587,"urls":{"self":"http:\/\/casalparis.cat\/index.php?rest_route=\/tribe\/events\/v1\/tags\/587","collection":"http:\/\/casalparis.cat\/index.php?rest_route=\/tribe\/events\/v1\/tags"}},{"name":"SomCasals","slug":"somcasals","term_group":0,"term_taxonomy_id":288,"taxonomy":"post_tag","description":"","parent":0,"count":49,"filter":"raw","id":288,"urls":{"self":"http:\/\/casalparis.cat\/index.php?rest_route=\/tribe\/events\/v1\/tags\/288","collection":"http:\/\/casalparis.cat\/index.php?rest_route=\/tribe\/events\/v1\/tags"}}],"venue":{"id":2893,"author":"1","status":"publish","date":"2023-10-22 21:50:55","date_utc":"2023-10-22 19:50:55","modified":"2023-10-22 21:50:55","modified_utc":"2023-10-22 19:50:55","url":"http:\/\/casalparis.cat\/?tribe_venue=mundolingua","venue":"Mundolingua","slug":"mundolingua","address":"10 rue Servandoni","city":"Paris 6","country":"Fran\u00e7a","zip":"75006","show_map":true,"show_map_link":true,"global_id":"casalparis.cat?id=2893","global_id_lineage":["casalparis.cat?id=2893"]},"organizer":[{"id":190,"author":"1","status":"publish","date":"2018-10-09 00:15:27","date_utc":"2018-10-08 22:15:27","modified":"2018-10-09 00:15:27","modified_utc":"2018-10-08 22:15:27","url":"http:\/\/casalparis.cat\/?tribe_organizer=casal-de-catalunya-de-paris","organizer":"Casal de Catalunya de Paris","slug":"casal-de-catalunya-de-paris","global_id":"casalparis.cat?id=190","global_id_lineage":["casalparis.cat?id=190"]}],"custom_fields":[]}],"rest_url":"http:\/\/casalparis.cat\/index.php?rest_route=%2Ftribe%2Fevents%2Fv1%2Fevents%2F&page=1&per_page=10&start_date=2026-08-31 00:00:00&end_date=2028-08-31 23:59:59&status=publish","total":3,"total_pages":1}